{"id":1623,"date":"2022-05-03T21:06:20","date_gmt":"2022-05-03T20:06:20","guid":{"rendered":"https:\/\/mairie-saint-marcel.fr\/?p=1623"},"modified":"2022-05-03T21:06:20","modified_gmt":"2022-05-03T20:06:20","slug":"enherbement-cimetiere","status":"publish","type":"post","link":"https:\/\/mairie-saint-marcel.fr\/?p=1623","title":{"rendered":"Enherbement cimeti\u00e8re"},"content":{"rendered":"\n<p>Dans le cadre de la d\u00e9marche \u00ab\u00a0z\u00e9ro phyto\u00a0\u00bb, la commune a r\u00e9alis\u00e9 les travaux d\u2019enherbement du cimeti\u00e8re le 26 avril dernier.<\/p>\n\n\n\n<div class=\"wp-block-image\"><figure class=\"alignleft size-large is-resized\"><img loading=\"lazy\" decoding=\"async\" src=\"https:\/\/mairie-saint-marcel.fr\/wp-content\/uploads\/2022\/05\/IMG-20220501-WA0028-768x1024.jpg\" alt=\"\" class=\"wp-image-1624\" width=\"129\" height=\"172\" srcset=\"https:\/\/mairie-saint-marcel.fr\/wp-content\/uploads\/2022\/05\/IMG-20220501-WA0028-768x1024.jpg 768w, https:\/\/mairie-saint-marcel.fr\/wp-content\/uploads\/2022\/05\/IMG-20220501-WA0028-225x300.jpg 225w, https:\/\/mairie-saint-marcel.fr\/wp-content\/uploads\/2022\/05\/IMG-20220501-WA0028-1152x1536.jpg 1152w, https:\/\/mairie-saint-marcel.fr\/wp-content\/uploads\/2022\/05\/IMG-20220501-WA0028-140x187.jpg 140w, https:\/\/mairie-saint-marcel.fr\/wp-content\/uploads\/2022\/05\/IMG-20220501-WA0028.jpg 1200w\" sizes=\"auto, (max-width: 129px) 100vw, 129px\" \/><\/figure><\/div>\n\n\n\n<div class=\"wp-block-image\"><figure class=\"alignleft size-large is-resized\"><img loading=\"lazy\" decoding=\"async\" src=\"https:\/\/mairie-saint-marcel.fr\/wp-content\/uploads\/2022\/05\/IMG-20220501-WA0024-768x1024.jpg\" alt=\"\" class=\"wp-image-1625\" width=\"129\" height=\"172\" srcset=\"https:\/\/mairie-saint-marcel.fr\/wp-content\/uploads\/2022\/05\/IMG-20220501-WA0024-768x1024.jpg 768w, https:\/\/mairie-saint-marcel.fr\/wp-content\/uploads\/2022\/05\/IMG-20220501-WA0024-225x300.jpg 225w, https:\/\/mairie-saint-marcel.fr\/wp-content\/uploads\/2022\/05\/IMG-20220501-WA0024-1152x1536.jpg 1152w, https:\/\/mairie-saint-marcel.fr\/wp-content\/uploads\/2022\/05\/IMG-20220501-WA0024-140x187.jpg 140w, https:\/\/mairie-saint-marcel.fr\/wp-content\/uploads\/2022\/05\/IMG-20220501-WA0024.jpg 1200w\" sizes=\"auto, (max-width: 129px) 100vw, 129px\" \/><\/figure><\/div>\n\n\n\n<div class=\"wp-block-image\"><figure class=\"aligncenter size-large is-resized\"><img loading=\"lazy\" decoding=\"async\" src=\"https:\/\/mairie-saint-marcel.fr\/wp-content\/uploads\/2022\/05\/IMG-20220501-WA0023-768x1024.jpg\" alt=\"\" class=\"wp-image-1626\" width=\"129\" height=\"172\" srcset=\"https:\/\/mairie-saint-marcel.fr\/wp-content\/uploads\/2022\/05\/IMG-20220501-WA0023-768x1024.jpg 768w, https:\/\/mairie-saint-marcel.fr\/wp-content\/uploads\/2022\/05\/IMG-20220501-WA0023-225x300.jpg 225w, https:\/\/mairie-saint-marcel.fr\/wp-content\/uploads\/2022\/05\/IMG-20220501-WA0023-1152x1536.jpg 1152w, https:\/\/mairie-saint-marcel.fr\/wp-content\/uploads\/2022\/05\/IMG-20220501-WA0023-140x187.jpg 140w, https:\/\/mairie-saint-marcel.fr\/wp-content\/uploads\/2022\/05\/IMG-20220501-WA0023.jpg 1200w\" sizes=\"auto, (max-width: 129px) 100vw, 129px\" \/><\/figure><\/div>\n\n\n\n<div class=\"wp-block-columns are-vertically-aligned-bottom is-layout-flex wp-container-core-columns-is-layout-9d6595d7 wp-block-columns-is-layout-flex\">\n<div class=\"wp-block-column is-vertically-aligned-bottom is-layout-flow wp-block-column-is-layout-flow\" style=\"flex-basis:100%\">\n<div class=\"wp-block-columns is-layout-flex wp-container-core-columns-is-layout-9d6595d7 wp-block-columns-is-layout-flex\">\n<div class=\"wp-block-column is-layout-flow wp-block-column-is-layout-flow\" style=\"flex-basis:100%\">\n<p>Plusieurs avantages \u00e0 l&rsquo;enherbement. D\u2019une part la cr\u00e9ation d\u2019un cadre de verdure agr\u00e9able. Mais aussi la simplification de l\u2019entretien des all\u00e9es du cimeti\u00e8re, avec une seule tonte par mois, au lieu de 3 jours de d\u00e9sherbage \u00e0 la binette et au br\u00fbleur thermique. Bien \u00e9videmment, plus de d\u00e9sherbant!<\/p>\n<\/div>\n<\/div>\n<\/div>\n<\/div>\n","protected":false},"excerpt":{"rendered":"<p>Dans le cadre de la d\u00e9marche \u00ab\u00a0z\u00e9ro phyto\u00a0\u00bb, la commune a r\u00e9alis\u00e9 les travaux d\u2019enherbement du cimeti\u00e8re le 26 avril dernier. Plusieurs avantages \u00e0 l&rsquo;enherbement. D\u2019une part la cr\u00e9ation d\u2019un&hellip;<\/p>\n","protected":false},"author":3,"featured_media":0,"comment_status":"closed","ping_status":"closed","sticky":false,"template":"","format":"standard","meta":{"footnotes":""},"categories":[1],"tags":[],"class_list":["post-1623","post","type-post","status-publish","format-standard","hentry","category-uncategorized"],"_links":{"self":[{"href":"https:\/\/mairie-saint-marcel.fr\/index.php?rest_route=\/wp\/v2\/posts\/1623","targetHints":{"allow":["GET"]}}],"collection":[{"href":"https:\/\/mairie-saint-marcel.fr\/index.php?rest_route=\/wp\/v2\/posts"}],"about":[{"href":"https:\/\/mairie-saint-marcel.fr\/index.php?rest_route=\/wp\/v2\/types\/post"}],"author":[{"embeddable":true,"href":"https:\/\/mairie-saint-marcel.fr\/index.php?rest_route=\/wp\/v2\/users\/3"}],"replies":[{"embeddable":true,"href":"https:\/\/mairie-saint-marcel.fr\/index.php?rest_route=%2Fwp%2Fv2%2Fcomments&post=1623"}],"version-history":[{"count":19,"href":"https:\/\/mairie-saint-marcel.fr\/index.php?rest_route=\/wp\/v2\/posts\/1623\/revisions"}],"predecessor-version":[{"id":1645,"href":"https:\/\/mairie-saint-marcel.fr\/index.php?rest_route=\/wp\/v2\/posts\/1623\/revisions\/1645"}],"wp:attachment":[{"href":"https:\/\/mairie-saint-marcel.fr\/index.php?rest_route=%2Fwp%2Fv2%2Fmedia&parent=1623"}],"wp:term":[{"taxonomy":"category","embeddable":true,"href":"https:\/\/mairie-saint-marcel.fr\/index.php?rest_route=%2Fwp%2Fv2%2Fcategories&post=1623"},{"taxonomy":"post_tag","embeddable":true,"href":"https:\/\/mairie-saint-marcel.fr\/index.php?rest_route=%2Fwp%2Fv2%2Ftags&post=1623"}],"curies":[{"name":"wp","href":"https:\/\/api.w.org\/{rel}","templated":true}]}}